{"id":3395,"date":"2026-09-02T13:18:39","date_gmt":"2026-09-02T13:18:39","guid":{"rendered":"https:\/\/eppne.ca\/?p=3395"},"modified":"2026-09-02T13:33:23","modified_gmt":"2026-09-02T13:33:23","slug":"personne-transsexuelle-de-29-ans-trans-feminine-et-bisexuelle","status":"publish","type":"post","link":"https:\/\/eppne.ca\/en\/personne-transsexuelle-de-29-ans-trans-feminine-et-bisexuelle\/","title":{"rendered":"personne transsexuelle de 29 ans (trans f\u00e9minine) et bisexuelle"},"content":{"rendered":"<p class=\"wp-block-paragraph\">Je suis une personne transsexuelle de 29 ans (trans f\u00e9minine) et bisexuelle.<\/p>\n\n\n\n<p class=\"wp-block-paragraph\">Je suis tr\u00e8s inqui\u00e8te de voir le nombre de jeune de moins 25 ans qui transitionnent trop vite, sans prendre le temps de se questionner sur &#8220;pourquoi je veux faire une transition m\u00e9dicale vers l&#8217;autre sexe&#8221;.<\/p>\n\n\n\n<p class=\"wp-block-paragraph\">Je suis moi-m\u00eame n\u00e9e avec des troubles d\u2019apprentissage et un comportement atypique pour jeune gar\u00e7on (un peu eff\u00e9min\u00e9). J&#8217;ai subi beaucoup d&#8217;intimation et j\u2019ai eu des probl\u00e8mes de sant\u00e9 mentale.<\/p>\n\n\n\n<p class=\"wp-block-paragraph\">Depuis 6 mois, je suis en post op\u00e9ration du bas. Prendre cette d\u00e9cision n\u2019a pas \u00e9t\u00e9 facile car l\u2019op\u00e9ration a des impacts sur le reste de mes jours.<\/p>\n\n\n\n<p class=\"wp-block-paragraph\">Avant de prendre cette d\u00e9cision, j&#8217;ai pass\u00e9 environ 2 ans de questionnement et d\u2019exploration pour comprendre ma dysphorie. Je voulais trouver une solution sans passer par une transition m\u00e9dicale; avec une travailleuse sociale mais avec temps plus compliqu\u00e9. J&#8217;ai consult\u00e9 plusieurs fois des psychologues en trouble du transexuel(le). J&#8217;ai fait pr\u00e8s d\u2019un an de th\u00e9rapie au priv\u00e9 pour mieux comprendre.<\/p>\n\n\n\n<p class=\"wp-block-paragraph\">J&#8217;ai vu beaucoup de mes amies filles d\u00e9transitionner autour de moi. J&#8217;ai v\u00e9cu aussi la transition d&#8217;une ex-partenaire qui a fait une transition m\u00e9dicale et qui est revenue sur sa d\u00e9cision vers son sexe de naissance; elle a pr\u00e9f\u00e9r\u00e9 accepter \u00eatre non conforme \u00e0 son genre.<\/p>\n\n\n\n<p class=\"wp-block-paragraph\">Aujourd&#8217;hui, je trouve que l\u2019augmentation du nombre de jeunes qui se disent transsexuels n&#8217;est pas normal . En tant que personne transsexuelle, je dois d\u00e9noncer des probl\u00e8mes de suivi en sant\u00e9 mal faits aupr\u00e8s des jeunes.<\/p>\n\n\n\n<p class=\"wp-block-paragraph\"><\/p>","protected":false},"excerpt":{"rendered":"<p>Je suis une personne transsexuelle de 29 ans (trans f\u00e9minine) et bisexuelle. Je suis tr\u00e8s inqui\u00e8te de voir le nombre de jeune de moins 25 ans qui transitionnent trop vite, [&hellip;]<\/p>\n","protected":false},"author":3,"featured_media":3408,"comment_status":"open","ping_status":"open","sticky":false,"template":"","format":"standard","meta":{"_coblocks_attr":"","_coblocks_dimensions":"","_coblocks_responsive_height":"","_coblocks_accordion_ie_support":"","footnotes":""},"categories":[89,90,73],"tags":[],"class_list":["post-3395","post","type-post","status-publish","format-standard","has-post-thumbnail","hentry","category-detransionneurs-euses","category-sidentifiant-comme-trans","category-temoignages"],"yoast_head":"<!-- This site is optimized with the Yoast SEO plugin v28.4 - https:\/\/yoast.com\/product\/yoast-seo-wordpress\/ -->\n<title>personne transsexuelle de 29 ans (trans f\u00e9minine) et bisexuelle - EPPNE<\/title>\n<meta name=\"robots\" content=\"index, follow, max-snippet:-1, max-image-preview:large, max-video-preview:-1\" \/>\n<link rel=\"canonical\" href=\"https:\/\/eppne.ca\/en\/personne-transsexuelle-de-29-ans-trans-feminine-et-bisexuelle\/\" \/>\n<meta property=\"og:locale\" content=\"en_US\" \/>\n<meta property=\"og:type\" content=\"article\" \/>\n<meta property=\"og:title\" content=\"personne transsexuelle de 29 ans (trans f\u00e9minine) et bisexuelle - EPPNE\" \/>\n<meta property=\"og:description\" content=\"Je suis une personne transsexuelle de 29 ans (trans f\u00e9minine) et bisexuelle. Je suis tr\u00e8s inqui\u00e8te de voir le nombre de jeune de moins 25 ans qui transitionnent trop vite, [&hellip;]\" \/>\n<meta property=\"og:url\" content=\"https:\/\/eppne.ca\/en\/personne-transsexuelle-de-29-ans-trans-feminine-et-bisexuelle\/\" \/>\n<meta property=\"og:site_name\" content=\"EPPNE\" \/>\n<meta property=\"article:published_time\" content=\"2026-09-02T13:18:39+00:00\" \/>\n<meta property=\"article:modified_time\" content=\"2026-09-02T13:33:23+00:00\" \/>\n<meta property=\"og:image\" content=\"https:\/\/eppne.ca\/wp-content\/uploads\/2026\/09\/trans.webp\" \/>\n\t<meta property=\"og:image:width\" content=\"500\" \/>\n\t<meta property=\"og:image:height\" content=\"500\" \/>\n\t<meta property=\"og:image:type\" content=\"image\/webp\" \/>\n<meta name=\"author\" content=\"Abderrahmane Benkoula\" \/>\n<meta name=\"twitter:card\" content=\"summary_large_image\" \/>\n<meta name=\"twitter:label1\" content=\"Written by\" \/>\n\t<meta name=\"twitter:data1\" content=\"Abderrahmane Benkoula\" \/>\n\t<meta name=\"twitter:label2\" content=\"Est. reading time\" \/>\n\t<meta name=\"twitter:data2\" content=\"2 minutes\" \/>\n<script type=\"application\/ld+json\" class=\"yoast-schema-graph\">{\"@context\":\"https:\\\/\\\/schema.org\",\"@graph\":[{\"@type\":\"Article\",\"@id\":\"https:\\\/\\\/eppne.ca\\\/personne-transsexuelle-de-29-ans-trans-feminine-et-bisexuelle\\\/#article\",\"isPartOf\":{\"@id\":\"https:\\\/\\\/eppne.ca\\\/personne-transsexuelle-de-29-ans-trans-feminine-et-bisexuelle\\\/\"},\"author\":{\"name\":\"Abderrahmane Benkoula\",\"@id\":\"https:\\\/\\\/eppne.ca\\\/#\\\/schema\\\/person\\\/4069ff28522caea8b5602d2543cae1b7\"},\"headline\":\"personne transsexuelle de 29 ans (trans f\u00e9minine) et bisexuelle\",\"datePublished\":\"2026-09-02T13:18:39+00:00\",\"dateModified\":\"2026-09-02T13:33:23+00:00\",\"mainEntityOfPage\":{\"@id\":\"https:\\\/\\\/eppne.ca\\\/personne-transsexuelle-de-29-ans-trans-feminine-et-bisexuelle\\\/\"},\"wordCount\":295,\"commentCount\":0,\"publisher\":{\"@id\":\"https:\\\/\\\/eppne.ca\\\/#organization\"},\"image\":{\"@id\":\"https:\\\/\\\/eppne.ca\\\/personne-transsexuelle-de-29-ans-trans-feminine-et-bisexuelle\\\/#primaryimage\"},\"thumbnailUrl\":\"https:\\\/\\\/eppne.ca\\\/wp-content\\\/uploads\\\/2026\\\/09\\\/trans.webp\",\"articleSection\":[\"D\u00e9transionneurs\\\/euses\",\"S\u2019identifiant comme \u201ctrans\u201d\",\"T\u00e9moignages\"],\"inLanguage\":\"en-CA\",\"potentialAction\":[{\"@type\":\"CommentAction\",\"name\":\"Comment\",\"target\":[\"https:\\\/\\\/eppne.ca\\\/personne-transsexuelle-de-29-ans-trans-feminine-et-bisexuelle\\\/#respond\"]}]},{\"@type\":\"WebPage\",\"@id\":\"https:\\\/\\\/eppne.ca\\\/personne-transsexuelle-de-29-ans-trans-feminine-et-bisexuelle\\\/\",\"url\":\"https:\\\/\\\/eppne.ca\\\/personne-transsexuelle-de-29-ans-trans-feminine-et-bisexuelle\\\/\",\"name\":\"personne transsexuelle de 29 ans (trans f\u00e9minine) et bisexuelle - EPPNE\",\"isPartOf\":{\"@id\":\"https:\\\/\\\/eppne.ca\\\/#website\"},\"primaryImageOfPage\":{\"@id\":\"https:\\\/\\\/eppne.ca\\\/personne-transsexuelle-de-29-ans-trans-feminine-et-bisexuelle\\\/#primaryimage\"},\"image\":{\"@id\":\"https:\\\/\\\/eppne.ca\\\/personne-transsexuelle-de-29-ans-trans-feminine-et-bisexuelle\\\/#primaryimage\"},\"thumbnailUrl\":\"https:\\\/\\\/eppne.ca\\\/wp-content\\\/uploads\\\/2026\\\/09\\\/trans.webp\",\"datePublished\":\"2026-09-02T13:18:39+00:00\",\"dateModified\":\"2026-09-02T13:33:23+00:00\",\"breadcrumb\":{\"@id\":\"https:\\\/\\\/eppne.ca\\\/personne-transsexuelle-de-29-ans-trans-feminine-et-bisexuelle\\\/#breadcrumb\"},\"inLanguage\":\"en-CA\",\"potentialAction\":[{\"@type\":\"ReadAction\",\"target\":[\"https:\\\/\\\/eppne.ca\\\/personne-transsexuelle-de-29-ans-trans-feminine-et-bisexuelle\\\/\"]}]},{\"@type\":\"ImageObject\",\"inLanguage\":\"en-CA\",\"@id\":\"https:\\\/\\\/eppne.ca\\\/personne-transsexuelle-de-29-ans-trans-feminine-et-bisexuelle\\\/#primaryimage\",\"url\":\"https:\\\/\\\/eppne.ca\\\/wp-content\\\/uploads\\\/2026\\\/09\\\/trans.webp\",\"contentUrl\":\"https:\\\/\\\/eppne.ca\\\/wp-content\\\/uploads\\\/2026\\\/09\\\/trans.webp\",\"width\":500,\"height\":500},{\"@type\":\"BreadcrumbList\",\"@id\":\"https:\\\/\\\/eppne.ca\\\/personne-transsexuelle-de-29-ans-trans-feminine-et-bisexuelle\\\/#breadcrumb\",\"itemListElement\":[{\"@type\":\"ListItem\",\"position\":1,\"name\":\"Home\",\"item\":\"https:\\\/\\\/eppne.ca\\\/\"},{\"@type\":\"ListItem\",\"position\":2,\"name\":\"personne transsexuelle de 29 ans (trans f\u00e9minine) et bisexuelle\"}]},{\"@type\":\"WebSite\",\"@id\":\"https:\\\/\\\/eppne.ca\\\/#website\",\"url\":\"https:\\\/\\\/eppne.ca\\\/\",\"name\":\"EPPNE\",\"description\":\"Ensemble pour prot\u00e9ger nos enfants\",\"publisher\":{\"@id\":\"https:\\\/\\\/eppne.ca\\\/#organization\"},\"potentialAction\":[{\"@type\":\"SearchAction\",\"target\":{\"@type\":\"EntryPoint\",\"urlTemplate\":\"https:\\\/\\\/eppne.ca\\\/?s={search_term_string}\"},\"query-input\":{\"@type\":\"PropertyValueSpecification\",\"valueRequired\":true,\"valueName\":\"search_term_string\"}}],\"inLanguage\":\"en-CA\"},{\"@type\":\"Organization\",\"@id\":\"https:\\\/\\\/eppne.ca\\\/#organization\",\"name\":\"EPPNE\",\"url\":\"https:\\\/\\\/eppne.ca\\\/\",\"logo\":{\"@type\":\"ImageObject\",\"inLanguage\":\"en-CA\",\"@id\":\"https:\\\/\\\/eppne.ca\\\/#\\\/schema\\\/logo\\\/image\\\/\",\"url\":\"https:\\\/\\\/eppne.ca\\\/wp-content\\\/uploads\\\/2024\\\/02\\\/cropped-Enssemble-pour-proteger-nos-enfants-Logo.png\",\"contentUrl\":\"https:\\\/\\\/eppne.ca\\\/wp-content\\\/uploads\\\/2024\\\/02\\\/cropped-Enssemble-pour-proteger-nos-enfants-Logo.png\",\"width\":500,\"height\":250,\"caption\":\"EPPNE\"},\"image\":{\"@id\":\"https:\\\/\\\/eppne.ca\\\/#\\\/schema\\\/logo\\\/image\\\/\"}},{\"@type\":\"Person\",\"@id\":\"https:\\\/\\\/eppne.ca\\\/#\\\/schema\\\/person\\\/4069ff28522caea8b5602d2543cae1b7\",\"name\":\"Abderrahmane Benkoula\",\"image\":{\"@type\":\"ImageObject\",\"inLanguage\":\"en-CA\",\"@id\":\"https:\\\/\\\/secure.gravatar.com\\\/avatar\\\/cfa84eb76467ef3c34ce468f300777225b53829396a67dcf813e5a9836740252?s=96&d=mm&r=g\",\"url\":\"https:\\\/\\\/secure.gravatar.com\\\/avatar\\\/cfa84eb76467ef3c34ce468f300777225b53829396a67dcf813e5a9836740252?s=96&d=mm&r=g\",\"contentUrl\":\"https:\\\/\\\/secure.gravatar.com\\\/avatar\\\/cfa84eb76467ef3c34ce468f300777225b53829396a67dcf813e5a9836740252?s=96&d=mm&r=g\",\"caption\":\"Abderrahmane Benkoula\"},\"url\":\"https:\\\/\\\/eppne.ca\\\/en\\\/author\\\/abdou\\\/\"}]}<\/script>\n<!-- \/ Yoast SEO plugin. -->","yoast_head_json":{"title":"personne transsexuelle de 29 ans (trans f\u00e9minine) et bisexuelle - EPPNE","robots":{"index":"index","follow":"follow","max-snippet":"max-snippet:-1","max-image-preview":"max-image-preview:large","max-video-preview":"max-video-preview:-1"},"canonical":"https:\/\/eppne.ca\/en\/personne-transsexuelle-de-29-ans-trans-feminine-et-bisexuelle\/","og_locale":"en_US","og_type":"article","og_title":"personne transsexuelle de 29 ans (trans f\u00e9minine) et bisexuelle - EPPNE","og_description":"Je suis une personne transsexuelle de 29 ans (trans f\u00e9minine) et bisexuelle. Je suis tr\u00e8s inqui\u00e8te de voir le nombre de jeune de moins 25 ans qui transitionnent trop vite, [&hellip;]","og_url":"https:\/\/eppne.ca\/en\/personne-transsexuelle-de-29-ans-trans-feminine-et-bisexuelle\/","og_site_name":"EPPNE","article_published_time":"2026-09-02T13:18:39+00:00","article_modified_time":"2026-09-02T13:33:23+00:00","og_image":[{"width":500,"height":500,"url":"https:\/\/eppne.ca\/wp-content\/uploads\/2026\/09\/trans.webp","type":"image\/webp"}],"author":"Abderrahmane Benkoula","twitter_card":"summary_large_image","twitter_misc":{"Written by":"Abderrahmane Benkoula","Est. reading time":"2 minutes"},"schema":{"@context":"https:\/\/schema.org","@graph":[{"@type":"Article","@id":"https:\/\/eppne.ca\/personne-transsexuelle-de-29-ans-trans-feminine-et-bisexuelle\/#article","isPartOf":{"@id":"https:\/\/eppne.ca\/personne-transsexuelle-de-29-ans-trans-feminine-et-bisexuelle\/"},"author":{"name":"Abderrahmane Benkoula","@id":"https:\/\/eppne.ca\/#\/schema\/person\/4069ff28522caea8b5602d2543cae1b7"},"headline":"personne transsexuelle de 29 ans (trans f\u00e9minine) et bisexuelle","datePublished":"2026-09-02T13:18:39+00:00","dateModified":"2026-09-02T13:33:23+00:00","mainEntityOfPage":{"@id":"https:\/\/eppne.ca\/personne-transsexuelle-de-29-ans-trans-feminine-et-bisexuelle\/"},"wordCount":295,"commentCount":0,"publisher":{"@id":"https:\/\/eppne.ca\/#organization"},"image":{"@id":"https:\/\/eppne.ca\/personne-transsexuelle-de-29-ans-trans-feminine-et-bisexuelle\/#primaryimage"},"thumbnailUrl":"https:\/\/eppne.ca\/wp-content\/uploads\/2026\/09\/trans.webp","articleSection":["D\u00e9transionneurs\/euses","S\u2019identifiant comme \u201ctrans\u201d","T\u00e9moignages"],"inLanguage":"en-CA","potentialAction":[{"@type":"CommentAction","name":"Comment","target":["https:\/\/eppne.ca\/personne-transsexuelle-de-29-ans-trans-feminine-et-bisexuelle\/#respond"]}]},{"@type":"WebPage","@id":"https:\/\/eppne.ca\/personne-transsexuelle-de-29-ans-trans-feminine-et-bisexuelle\/","url":"https:\/\/eppne.ca\/personne-transsexuelle-de-29-ans-trans-feminine-et-bisexuelle\/","name":"personne transsexuelle de 29 ans (trans f\u00e9minine) et bisexuelle - EPPNE","isPartOf":{"@id":"https:\/\/eppne.ca\/#website"},"primaryImageOfPage":{"@id":"https:\/\/eppne.ca\/personne-transsexuelle-de-29-ans-trans-feminine-et-bisexuelle\/#primaryimage"},"image":{"@id":"https:\/\/eppne.ca\/personne-transsexuelle-de-29-ans-trans-feminine-et-bisexuelle\/#primaryimage"},"thumbnailUrl":"https:\/\/eppne.ca\/wp-content\/uploads\/2026\/09\/trans.webp","datePublished":"2026-09-02T13:18:39+00:00","dateModified":"2026-09-02T13:33:23+00:00","breadcrumb":{"@id":"https:\/\/eppne.ca\/personne-transsexuelle-de-29-ans-trans-feminine-et-bisexuelle\/#breadcrumb"},"inLanguage":"en-CA","potentialAction":[{"@type":"ReadAction","target":["https:\/\/eppne.ca\/personne-transsexuelle-de-29-ans-trans-feminine-et-bisexuelle\/"]}]},{"@type":"ImageObject","inLanguage":"en-CA","@id":"https:\/\/eppne.ca\/personne-transsexuelle-de-29-ans-trans-feminine-et-bisexuelle\/#primaryimage","url":"https:\/\/eppne.ca\/wp-content\/uploads\/2026\/09\/trans.webp","contentUrl":"https:\/\/eppne.ca\/wp-content\/uploads\/2026\/09\/trans.webp","width":500,"height":500},{"@type":"BreadcrumbList","@id":"https:\/\/eppne.ca\/personne-transsexuelle-de-29-ans-trans-feminine-et-bisexuelle\/#breadcrumb","itemListElement":[{"@type":"ListItem","position":1,"name":"Home","item":"https:\/\/eppne.ca\/"},{"@type":"ListItem","position":2,"name":"personne transsexuelle de 29 ans (trans f\u00e9minine) et bisexuelle"}]},{"@type":"WebSite","@id":"https:\/\/eppne.ca\/#website","url":"https:\/\/eppne.ca\/","name":"EPPNE","description":"Ensemble pour prot\u00e9ger nos enfants","publisher":{"@id":"https:\/\/eppne.ca\/#organization"},"potentialAction":[{"@type":"SearchAction","target":{"@type":"EntryPoint","urlTemplate":"https:\/\/eppne.ca\/?s={search_term_string}"},"query-input":{"@type":"PropertyValueSpecification","valueRequired":true,"valueName":"search_term_string"}}],"inLanguage":"en-CA"},{"@type":"Organization","@id":"https:\/\/eppne.ca\/#organization","name":"EPPNE","url":"https:\/\/eppne.ca\/","logo":{"@type":"ImageObject","inLanguage":"en-CA","@id":"https:\/\/eppne.ca\/#\/schema\/logo\/image\/","url":"https:\/\/eppne.ca\/wp-content\/uploads\/2024\/02\/cropped-Enssemble-pour-proteger-nos-enfants-Logo.png","contentUrl":"https:\/\/eppne.ca\/wp-content\/uploads\/2024\/02\/cropped-Enssemble-pour-proteger-nos-enfants-Logo.png","width":500,"height":250,"caption":"EPPNE"},"image":{"@id":"https:\/\/eppne.ca\/#\/schema\/logo\/image\/"}},{"@type":"Person","@id":"https:\/\/eppne.ca\/#\/schema\/person\/4069ff28522caea8b5602d2543cae1b7","name":"Abderrahmane Benkoula","image":{"@type":"ImageObject","inLanguage":"en-CA","@id":"https:\/\/secure.gravatar.com\/avatar\/cfa84eb76467ef3c34ce468f300777225b53829396a67dcf813e5a9836740252?s=96&d=mm&r=g","url":"https:\/\/secure.gravatar.com\/avatar\/cfa84eb76467ef3c34ce468f300777225b53829396a67dcf813e5a9836740252?s=96&d=mm&r=g","contentUrl":"https:\/\/secure.gravatar.com\/avatar\/cfa84eb76467ef3c34ce468f300777225b53829396a67dcf813e5a9836740252?s=96&d=mm&r=g","caption":"Abderrahmane Benkoula"},"url":"https:\/\/eppne.ca\/en\/author\/abdou\/"}]}},"_links":{"self":[{"href":"https:\/\/eppne.ca\/en\/wp-json\/wp\/v2\/posts\/3395","targetHints":{"allow":["GET"]}}],"collection":[{"href":"https:\/\/eppne.ca\/en\/wp-json\/wp\/v2\/posts"}],"about":[{"href":"https:\/\/eppne.ca\/en\/wp-json\/wp\/v2\/types\/post"}],"author":[{"embeddable":true,"href":"https:\/\/eppne.ca\/en\/wp-json\/wp\/v2\/users\/3"}],"replies":[{"embeddable":true,"href":"https:\/\/eppne.ca\/en\/wp-json\/wp\/v2\/comments?post=3395"}],"version-history":[{"count":1,"href":"https:\/\/eppne.ca\/en\/wp-json\/wp\/v2\/posts\/3395\/revisions"}],"predecessor-version":[{"id":3396,"href":"https:\/\/eppne.ca\/en\/wp-json\/wp\/v2\/posts\/3395\/revisions\/3396"}],"wp:featuredmedia":[{"embeddable":true,"href":"https:\/\/eppne.ca\/en\/wp-json\/wp\/v2\/media\/3408"}],"wp:attachment":[{"href":"https:\/\/eppne.ca\/en\/wp-json\/wp\/v2\/media?parent=3395"}],"wp:term":[{"taxonomy":"category","embeddable":true,"href":"https:\/\/eppne.ca\/en\/wp-json\/wp\/v2\/categories?post=3395"},{"taxonomy":"post_tag","embeddable":true,"href":"https:\/\/eppne.ca\/en\/wp-json\/wp\/v2\/tags?post=3395"}],"curies":[{"name":"wp","href":"https:\/\/api.w.org\/{rel}","templated":true}]}}